{"dados":[{"ementa":"Disp\u00f5e sobre a constitui\u00e7\u00e3o de Comiss\u00e3o Especial para reavalia\u00e7\u00e3o de verbas remunerat\u00f3rias e indenizat\u00f3rias no \u00e2mbito da C\u00e2mara Municipal de Valentim Gentil, nos termos da decis\u00e3o proferida nos Embargos de Declara\u00e7\u00e3o na Reclama\u00e7\u00e3o n\u00ba 88.319\/SP \u2013 STF.","dataAtualizacao":"2026-03-20 10:02:55","dataInicioVigencia":"2026-03-18","dataFimVigencia":null,"data":"2026-03-17","numero":337,"categoria":"Portaria","situacao":"Em vigor","descricao":""},{"ementa":"Disp\u00f5e sobre a doa\u00e7\u00e3o de bens m\u00f3veis da C\u00e2mara Municipal de Valentim Gentil para a Prefeitura Municipal e d\u00e1 providencias correlatas.","dataAtualizacao":"2026-03-03 10:38:05","dataInicioVigencia":null,"dataFimVigencia":null,"data":"2026-03-03","numero":92,"categoria":"Resolu\u00e7\u00e3o","situacao":"Em vigor","descricao":""},{"ementa":"Disp\u00f5e sobre convers\u00e3o de f\u00e9rias em abono pecuni\u00e1rio.","dataAtualizacao":"2026-03-20 09:59:43","dataInicioVigencia":null,"dataFimVigencia":null,"data":"2026-02-23","numero":336,"categoria":"Portaria","situacao":"Em vigor","descricao":""},{"ementa":"Disp\u00f5e sobre a concess\u00e3o de f\u00e9rias regulamentares a servidora e d\u00e1 provid\u00eancias correlatas.","dataAtualizacao":"2026-02-13 10:44:17","dataInicioVigencia":null,"dataFimVigencia":null,"data":"2026-02-12","numero":335,"categoria":"Portaria","situacao":"Em vigor","descricao":""},{"ementa":"Disp\u00f5e sobre o recebimento de den\u00fancia de infra\u00e7\u00e3o pol\u00edtico-administrativas face ao Senhor Vereador Izaque da Rocha Caldeira, apresentada pelo tamb\u00e9m Vereador Senhor Danilo Avelino de Aguiar, e sobre a constitui\u00e7\u00e3o de Comiss\u00e3o Processante, e d\u00e1 outras provid\u00eancias.","dataAtualizacao":"2026-02-04 10:35:56","dataInicioVigencia":"2026-02-03","dataFimVigencia":null,"data":"2026-02-03","numero":334,"categoria":"Portaria","situacao":"Em vigor","descricao":""},{"ementa":"Disp\u00f5e sobre a doa\u00e7\u00e3o de bens m\u00f3veis da C\u00e2mara Municipal de Valentim Gentil para a Prefeitura Municipal e d\u00e1 providencias correlatas.","dataAtualizacao":"2026-01-16 09:42:06","dataInicioVigencia":null,"dataFimVigencia":null,"data":"2026-01-16","numero":91,"categoria":"Resolu\u00e7\u00e3o","situacao":"Em vigor","descricao":""},{"ementa":"Institui o Calend\u00e1rio de Feriados e Pontos Facultativos nas depend\u00eancias da C\u00e2mara Municipal de Valentim Gentil referente ao exerc\u00edcio de 2026 e d\u00e1 providencias correlatas.","dataAtualizacao":"2026-01-09 08:08:36","dataInicioVigencia":"2026-01-08","dataFimVigencia":null,"data":"2026-01-07","numero":333,"categoria":"Portaria","situacao":"Em vigor","descricao":""},{"ementa":"Disp\u00f5e sobre a concess\u00e3o de Adicional de Qualifica\u00e7\u00e3o a servidor efetivo e d\u00e1 provid\u00eancias correlatas","dataAtualizacao":"2026-03-24 14:50:45","dataInicioVigencia":null,"dataFimVigencia":null,"data":"2022-01-14","numero":244,"categoria":"Portaria","situacao":"Em vigor","descricao":""}]}